{"id":896,"date":"2012-01-20T16:20:41","date_gmt":"2012-01-20T15:20:41","guid":{"rendered":"http:\/\/blog.adrianlang.de\/?p=896"},"modified":"2017-05-20T09:53:40","modified_gmt":"2017-05-20T08:53:40","slug":"2-prozess-wegen-fsa09","status":"publish","type":"post","link":"https:\/\/blog.adrianheine.de\/?p=896","title":{"rendered":"2. Prozess wegen fsa09"},"content":{"rendered":"<p>Vor \u00fcber einem Jahr musste ich als Zeuge in einem Prozess zur Freiheit statt Angst 2009 aussagen (<a href=\"\/?p=831\" title=\"Meine Vorank\u00fcndigung\">Meine Vorank\u00fcndigung<\/a>, <a href=\"\/?p=838\" title=\"Mein Nachbericht\">mein Nachbericht<\/a>). Damals ging es um eine K\u00f6rperverletzung im Amt, die ein Polizist am Rande der Demonstration an mir ver\u00fcbte. Am letzten Montag, dem 16. Januar 2012, begann schlie\u00dflich der Prozess zu dem Vorgang, der damals das eigentliche Aufsehen erregte: Eine brutale Festnahme, in deren Zusammenhang die K\u00f6rperverletzung gegen mich stand. <!--more--><\/p>\n<div style=\"text-align: center\">\n<a href=\"\/wp-content\/uploads\/2009\/09\/dsc_0345.jpg\"><img loading=\"lazy\" src=\"\/wp-content\/uploads\/2009\/09\/dsc_0345-1024x678.jpg\" width=\"512\" height=\"339\" alt=\"Freiheit statt Angst 2009\" title=\"Freiheit statt Angst 2009\"><\/a><\/p>\n<div class=\"image-desc\">Freiheit statt Angst von Anna H\u00fcsmert, CC-by-sa-3.0-de<\/div>\n<\/div>\n<p>Anne Roth hat alle wichtigen Informationen zum Prozess <a href=\"http:\/\/annalist.noblogs.org\/post\/2012\/01\/17\/\">zusammengetragen<\/a> und auch schon Presseberichte zum ersten Verhandlungstag ausgewertet. Darum m\u00f6chte ich hier nur auf den n\u00e4chsten Prozesstermin hinweisen, und zwar den 23. Januar 2012, also n\u00e4chsten Montag. F\u00fcr mich ist der Termin ein besonderer, weil ich als Zeuge geladen bin. Darum bitte ich euch, wie schon beim letzten Mal: Seit am Montag um 9 Uhr im Amtsgericht Tiergarten (Turmstra\u00dfe 91, 10559 Berlin, Saal 571), bringt einige Stunden Geduld, keine waffenartigen Gegenst\u00e4nde, euren Ausweis und Dinge zum Notizen machen mit. Sorgt daf\u00fcr, dass der Fall nicht unter den Tisch gekehrt wird, schafft \u00d6ffentlichkeit, und unterst\u00fctzt die Zeug_innen!<\/p>\n<p>Hier nochmal meine Blogposts zur fsa09:<\/p>\n<ul>\n<li><a href=\"\/?p=670\">Meine Darstellung des Vorfalls<\/a><\/li>\n<li><a href=\"\/?p=673\">Kritik an dem Versuch, die Vorg\u00e4nge zu einem Einzelfall herabzudiskutieren<\/a><\/li>\n<li><a href=\"\/?p=653\">Gesamtbeschreibung der Demo<\/a><\/li>\n<\/ul>\n<p>Falls ihr nicht k\u00f6nnt, aber euch trotzdem interessiert, wie so ein Prozess aussieht, oder ihr einfach vorher wissen wollt, was euch erwartet \u2013 lest meinen ausf\u00fchrlichen <a href=\"\/?p=838\" title=\"Mein Prozessbericht\">Prozessbericht<\/a> vom letzten Mal.<\/p>\n","protected":false},"excerpt":{"rendered":"<p>Vor \u00fcber einem Jahr musste ich als Zeuge in einem Prozess zur Freiheit statt Angst 2009 aussagen (Meine Vorank\u00fcndigung, mein Nachbericht). Damals ging es um eine K\u00f6rperverletzung im Amt, die ein Polizist am Rande der Demonstration an mir ver\u00fcbte. Am letzten Montag, dem 16. Januar 2012, begann schlie\u00dflich der Prozess zu dem Vorgang, der damals &hellip; <\/p>\n<p class=\"link-more\"><a href=\"https:\/\/blog.adrianheine.de\/?p=896\" class=\"more-link\"><span class=\"screen-reader-text\">&#8222;2. Prozess wegen fsa09&#8220;<\/span> weiterlesen<\/a><\/p>\n","protected":false},"author":3,"featured_media":0,"comment_status":"open","ping_status":"open","sticky":false,"template":"","format":"standard","meta":[],"categories":[165,3],"tags":[15,6,378,535,537,77,383,534,536],"_links":{"self":[{"href":"https:\/\/blog.adrianheine.de\/index.php?rest_route=\/wp\/v2\/posts\/896"}],"collection":[{"href":"https:\/\/blog.adrianheine.de\/index.php?rest_route=\/wp\/v2\/posts"}],"about":[{"href":"https:\/\/blog.adrianheine.de\/index.php?rest_route=\/wp\/v2\/types\/post"}],"author":[{"embeddable":true,"href":"https:\/\/blog.adrianheine.de\/index.php?rest_route=\/wp\/v2\/users\/3"}],"replies":[{"embeddable":true,"href":"https:\/\/blog.adrianheine.de\/index.php?rest_route=%2Fwp%2Fv2%2Fcomments&post=896"}],"version-history":[{"count":6,"href":"https:\/\/blog.adrianheine.de\/index.php?rest_route=\/wp\/v2\/posts\/896\/revisions"}],"predecessor-version":[{"id":962,"href":"https:\/\/blog.adrianheine.de\/index.php?rest_route=\/wp\/v2\/posts\/896\/revisions\/962"}],"wp:attachment":[{"href":"https:\/\/blog.adrianheine.de\/index.php?rest_route=%2Fwp%2Fv2%2Fmedia&parent=896"}],"wp:term":[{"taxonomy":"category","embeddable":true,"href":"https:\/\/blog.adrianheine.de\/index.php?rest_route=%2Fwp%2Fv2%2Fcategories&post=896"},{"taxonomy":"post_tag","embeddable":true,"href":"https:\/\/blog.adrianheine.de\/index.php?rest_route=%2Fwp%2Fv2%2Ftags&post=896"}],"curies":[{"name":"wp","href":"https:\/\/api.w.org\/{rel}","templated":true}]}}